{"id":1450,"date":"2026-04-27T23:53:08","date_gmt":"2026-04-27T23:53:08","guid":{"rendered":"https:\/\/ascofafi.com\/?p=1450"},"modified":"2026-04-27T23:53:26","modified_gmt":"2026-04-27T23:53:26","slug":"webinar-interuniversitario-ventilacion-mecanica-4-0","status":"publish","type":"post","link":"https:\/\/ascofafi.com\/?p=1450","title":{"rendered":"Webinar Interuniversitario Ventilaci\u00f3n Mec\u00e1nica 4.0"},"content":{"rendered":"\n<p>\ud83d\udce2 \u00a1ATENCI\u00d3N ESTUDIANTES DE FISIOTERAPIA! \ud83d\udce2<\/p>\n\n\n\n<p>\u00bfEst\u00e1s listo para conocer el futuro del cuidado respiratorio? \ud83e\udec1\u2728<\/p>\n\n\n\n<figure class=\"wp-block-image size-large\"><img fetchpriority=\"high\" decoding=\"async\" width=\"819\" height=\"1024\" src=\"https:\/\/ascofafi.com\/wp-content\/uploads\/2026\/04\/Image-3-819x1024.png\" alt=\"\" class=\"wp-image-1451\" srcset=\"https:\/\/ascofafi.com\/wp-content\/uploads\/2026\/04\/Image-3-819x1024.png 819w, https:\/\/ascofafi.com\/wp-content\/uploads\/2026\/04\/Image-3-240x300.png 240w, https:\/\/ascofafi.com\/wp-content\/uploads\/2026\/04\/Image-3-768x960.png 768w, https:\/\/ascofafi.com\/wp-content\/uploads\/2026\/04\/Image-3.png 1080w\" sizes=\"(max-width: 819px) 100vw, 819px\" \/><\/figure>\n\n\n\n<p>Te invitamos a participar en nuestro gran Webinar Interuniversitario: Ventilaci\u00f3n Mec\u00e1nica 4.0, un espacio exclusivo nacido de la alianza estrat\u00e9gica entre @Dr\u00e4ger y @ASCOFAFI (Nodo Centro). \ud83e\udd1d\ud83c\udf10<\/p>\n\n\n\n<p>En esta sesi\u00f3n de alto nivel, conectaremos a estudiantes de las universidades l\u00edderes de la regi\u00f3n para explorar las herramientas que est\u00e1n definiendo la salud global:<\/p>\n\n\n\n<p>\ud83c\udfdb\ufe0f Universidad Nacional de Colombia<br>\ud83c\udfdb\ufe0f Universidad de La Sabana<br>\ud83c\udfdb\ufe0f Universidad del Rosario<br>\ud83c\udfdb\ufe0f Escuela Colombiana de Rehabilitaci\u00f3n (ECR)<br>\ud83c\udfdb\ufe0fUniversidad FUCS<br>\ud83c\udfdb\ufe0f Universidad Manuela Beltr\u00e1n (UMB)<br>\ud83c\udfdb\ufe0f Corporaci\u00f3n Universitaria Iberoamericana<br>\ud83c\udfdb\ufe0f Universidad de Boyac\u00e1 (UniBoyac\u00e1)<br>\ud83c\udfdb\ufe0f Universidad de los Llanos (Unillanos)<\/p>\n\n\n\n<p>\ud83d\udcbb \u00bfQu\u00e9 aprender\u00e1s?<br>A trav\u00e9s de nuestro simulador de ventilador mec\u00e1nico Dr\u00e4ger \ud83d\udcca, veremos en tiempo real c\u00f3mo interactuar con par\u00e1metros avanzados de \u00faltima tecnolog\u00eda para lograr tratamientos m\u00e1s efectivos y potenciar la rehabilitaci\u00f3n de los pacientes. \u2764\ufe0f\u200d\ud83e\ude79\ud83e\uddbe<\/p>\n\n\n\n<p>\u00a1No te quedes fuera de esta experiencia tecnol\u00f3gica y acad\u00e9mica! \ud83d\ude80<\/p>\n\n\n\n<p>\ud83d\uddd3 Fecha: 4 de mayo<\/p>\n\n\n\n<p>\ud83d\udd54 Hora: 5:00 p.m.<\/p>\n\n\n\n<p>\ud83c\udf93 Dirigido a: Estudiantes universitarios de Fisioterapia.<\/p>\n\n\n\n<p>\ud83d\udd17 \u00danete aqu\u00ed: https:\/\/events.teams.microsoft.com\/event\/e44a1060-fcd9-4697-af77-8463dd18a9e7@e8d897a8-f400-4625-858a-6f3ae627542b<\/p>\n\n\n\n<p>\u00a1Llevemos nuestra profesi\u00f3n al siguiente nivel! \ud83d\udd25\ud83d\udcc8<\/p>\n","protected":false},"excerpt":{"rendered":"<p>\ud83d\udce2 \u00a1ATENCI\u00d3N ESTUDIANTES DE FISIOTERAPIA! \ud83d\udce2 \u00bfEst\u00e1s listo para conocer el futuro del cuidado respiratorio? \ud83e\udec1\u2728 Te invitamos a participar en nuestro gran Webinar Interuniversitario: Ventilaci\u00f3n Mec\u00e1nica 4.0, un espacio exclusivo nacido de la alianza estrat\u00e9gica entre @Dr\u00e4ger y @ASCOFAFI (Nodo Centro). \ud83e\udd1d\ud83c\udf10 En esta sesi\u00f3n de alto nivel, conectaremos a estudiantes de las universidades [&hellip;]<\/p>\n","protected":false},"author":1,"featured_media":0,"comment_status":"open","ping_status":"open","sticky":false,"template":"","format":"standard","meta":{"om_disable_all_campaigns":false,"_monsterinsights_skip_tracking":false,"_monsterinsights_sitenote_active":false,"_monsterinsights_sitenote_note":"","_monsterinsights_sitenote_category":0,"footnotes":""},"categories":[14],"tags":[],"class_list":["post-1450","post","type-post","status-publish","format-standard","hentry","category-eventos-nodos","wpbf-post"],"aioseo_notices":[],"_links":{"self":[{"href":"https:\/\/ascofafi.com\/index.php?rest_route=\/wp\/v2\/posts\/1450","targetHints":{"allow":["GET"]}}],"collection":[{"href":"https:\/\/ascofafi.com\/index.php?rest_route=\/wp\/v2\/posts"}],"about":[{"href":"https:\/\/ascofafi.com\/index.php?rest_route=\/wp\/v2\/types\/post"}],"author":[{"embeddable":true,"href":"https:\/\/ascofafi.com\/index.php?rest_route=\/wp\/v2\/users\/1"}],"replies":[{"embeddable":true,"href":"https:\/\/ascofafi.com\/index.php?rest_route=%2Fwp%2Fv2%2Fcomments&post=1450"}],"version-history":[{"count":1,"href":"https:\/\/ascofafi.com\/index.php?rest_route=\/wp\/v2\/posts\/1450\/revisions"}],"predecessor-version":[{"id":1452,"href":"https:\/\/ascofafi.com\/index.php?rest_route=\/wp\/v2\/posts\/1450\/revisions\/1452"}],"wp:attachment":[{"href":"https:\/\/ascofafi.com\/index.php?rest_route=%2Fwp%2Fv2%2Fmedia&parent=1450"}],"wp:term":[{"taxonomy":"category","embeddable":true,"href":"https:\/\/ascofafi.com\/index.php?rest_route=%2Fwp%2Fv2%2Fcategories&post=1450"},{"taxonomy":"post_tag","embeddable":true,"href":"https:\/\/ascofafi.com\/index.php?rest_route=%2Fwp%2Fv2%2Ftags&post=1450"}],"curies":[{"name":"wp","href":"https:\/\/api.w.org\/{rel}","templated":true}]}}